{"id":2319,"date":"2025-10-31T14:36:02","date_gmt":"2025-10-31T14:36:02","guid":{"rendered":"https:\/\/lesaulerieur.com\/?p=2319"},"modified":"2025-10-31T14:36:03","modified_gmt":"2025-10-31T14:36:03","slug":"open-the-field-of-possibilities","status":"publish","type":"post","link":"https:\/\/lesaulerieur.com\/en\/2025\/10\/31\/open-the-field-of-possibilities\/","title":{"rendered":"Open the field of possibilities"},"content":{"rendered":"<h2 class=\"wp-block-heading gtfy-1\">Open the field of possibilities<\/h2>\n\n\n\n<figure class=\"wp-block-table gtfy-4\"><table class=\"has-fixed-layout\"><tbody><tr><td>Dear Leaders,<\/td><\/tr><tr><td><strong>Happy November!&nbsp;<\/strong>As we gently step into the winter season, I hope this month\u2019s note brings you warmth and inspiration.<\/td><\/tr><tr><td>This time, I want to share something very special: a nugget straight from France: La For\u00eat des Possibles. It\u2019s an invitation to pause, reconnect and rediscover how your team can move forward together with purpose. If you\u2019re planning your next offsite or simply looking for a fresh way to re-energise your leadership team, this might just be the breath of air you need.<\/td><\/tr><tr><td>Meet Marin, its inspiring founder, and discover how La For\u00eat des Possibles can help your team forge new paths, build trust, and make change happen.<\/td><\/tr><tr><td>And since transformation always starts with people, I'm also sharing one of this month's leadership resources: \u201cChange Management: where to start?\u201d: a practical guide to leading change without losing the human touch.<\/td><\/tr><tr><td><em>With curiosity, courage and care,<\/em><\/td><\/tr><\/tbody><\/table><\/figure>\n\n\n\n<h3 class=\"wp-block-heading gtfy-7\"><strong>This month's nugget<\/strong><\/h3>\n\n\n\n<figure class=\"wp-block-table gtfy-10\"><table class=\"has-fixed-layout\"><tbody><tr><td>Exclusively reserved for French-speaking leaders this month: it\u2019s available in French for now \u2013 English version coming soon!<\/td><\/tr><tr><td><strong>What if your management board gave its start to the year new momentum?<\/strong><\/td><\/tr><tr><td>I've tested a new way to connect and bring forth vision and purpose.<\/td><\/tr><tr><td>La fin d\u2019ann\u00e9e approche\u2026 Vous avez pr\u00e9vu un offsite avec votre \u00e9quipe ? (bravo, c\u2019est d\u00e9j\u00e0 tr\u00e8s bien&nbsp;\ud83d\udc4f)<\/td><\/tr><tr><td>Now, I can already hear you saying:<\/td><\/tr><tr><td>Clear ambitions, but little time to turn them into concrete plans, as schedules are already full. Tired teams, going from one committee to the next without always managing to look ahead.&nbsp;<\/td><\/tr><tr><td><strong>What if, this year, curious leaders, you dared to do things differently?&nbsp;<\/strong>I propose a simple and pragmatic tool to inspire and structure your roadmap.<br>A setting that allows you to slow down, to breathe, and paradoxically... to become more efficient afterwards.<\/td><\/tr><tr><td><strong>Why adopt it?<\/strong><\/td><\/tr><tr><td>To build trust based on vulnerability (the well-kept secret of any high-performing team)\nTo awaken curiosity and the desire to explore differently.\nTo truly open up the field of possibilities.&nbsp;<\/td><\/tr><tr><td><strong>Concr\u00e8tement, comment \u00e7a marche?<\/strong><\/td><\/tr><\/tbody><\/table><\/figure>\n\n\n\n<figure class=\"wp-block-image size-large is-resized gtfy-13\"><img loading=\"lazy\" decoding=\"async\" width=\"724\" height=\"1024\" src=\"https:\/\/lesaulerieur.com\/wp-content\/uploads\/2025\/10\/programme__foret_des_possibles.png-724x1024.jpeg\" alt=\"\" class=\"wp-image-2321\" style=\"width:292px;height:auto\" srcset=\"https:\/\/lesaulerieur.com\/wp-content\/uploads\/2025\/10\/programme__foret_des_possibles.png-724x1024.jpeg 724w, https:\/\/lesaulerieur.com\/wp-content\/uploads\/2025\/10\/programme__foret_des_possibles.png-212x300.jpeg 212w, https:\/\/lesaulerieur.com\/wp-content\/uploads\/2025\/10\/programme__foret_des_possibles.png-768x1086.jpeg 768w, https:\/\/lesaulerieur.com\/wp-content\/uploads\/2025\/10\/programme__foret_des_possibles.png-1086x1536.jpeg 1086w, https:\/\/lesaulerieur.com\/wp-content\/uploads\/2025\/10\/programme__foret_des_possibles.png-8x12.jpeg 8w, https:\/\/lesaulerieur.com\/wp-content\/uploads\/2025\/10\/programme__foret_des_possibles.png.jpeg 1414w\" sizes=\"auto, (max-width: 724px) 100vw, 724px\" \/><\/figure>\n\n\n\n<p class=\"gtfy-16\"><em>One offsite day outside the usual framework.<\/em><br><em>An immersive workshop blending creativity and pragmatism, with the tree model as its common thread: from me to us, then from us to everything.<\/em><\/p>\n\n\n\n<figure class=\"wp-block-table gtfy-19\"><table class=\"has-fixed-layout\"><tbody><tr><td>In this B.A.N.I.* world, we need innovative approaches to transform strategy into concrete actions and to engage teams with meaning and energy.<a href=\"https:\/\/www.linkedin.com\/posts\/isabelle-albertalli_climat-entrepreneurs-entreprise-activity-7272978520450977792-5eXu\/?utm_source=share&amp;utm_medium=member_desktop&amp;rcm=ACoAABbm7n4BWYRQ-SQ15QzK5_5PkwTbWs8KhB8\" target=\"_blank\" rel=\"noreferrer noopener\">And the BPI recognised it too!<\/a>)<\/td><\/tr><tr><td>\ud83d\udcac&nbsp;Envie d\u2019offrir \u00e0 votre CODIR un vrai moment pour souffler, r\u00e9fl\u00e9chir et construire autrement?&nbsp;<\/td><\/tr><tr><td><strong>Reply to this email with \u201cForest of Possibilities\u201d&nbsp;<\/strong><\/td><\/tr><tr><td><sup><em>B.A.N.I. defines the world we have been operating in since 2020 \u2013 a Brittle, Anxious, Non-Linear and Incomprehensible world.<\/em><\/sup><br><\/td><\/tr><\/tbody><\/table><\/figure>\n\n\n\n<h3 class=\"wp-block-heading gtfy-22\"><strong>Leadership nudge<\/strong><\/h3>\n\n\n\n<figure class=\"wp-block-table gtfy-25\"><table class=\"has-fixed-layout\"><tbody><tr><td><strong>Change management: where to start?<\/strong><\/td><\/tr><tr><td>If there\u2019s one topic that never gets old in leadership, it\u2019s change.<br>We talk about it all the time, yet when it happens \u2013 in our teams, our organisations, or even our own lives \u2013 it still shakes things up.<\/td><\/tr><tr><td>I\u2019ve seen many leaders approach change as a plan to roll out. But real change doesn\u2019t happen on PowerPoint slides. It happens in people: in their habits, emotions, and daily realities.<\/td><\/tr><tr><td>This month's resource offers a simple, structured approach to leading change without losing the human side. It breaks down where to start: from identifying real impacts, to listening to weak signals, to celebrating small evolutions \u2013 even imperfect ones!<\/td><\/tr><tr><td>If you\u2019re navigating a transformation (big or small), this one\u2019s worth a read.<\/td><\/tr><tr><td><strong>\u2192<\/strong><a href=\"https:\/\/lesaulerieur.com\/en\/resources\/tackling-change-management\/?utm_source=inspiring-connections.beehiiv.com&amp;utm_medium=newsletter&amp;utm_campaign=open-the-field-of-possibilities\" target=\"_blank\" rel=\"noreferrer noopener\">&nbsp;<\/a><a href=\"https:\/\/lesaulerieur.com\/en\/resources\/tackling-change-management\/?utm_source=inspiring-connections.beehiiv.com&amp;utm_medium=newsletter&amp;utm_campaign=open-the-field-of-possibilities\" target=\"_blank\" rel=\"noreferrer noopener\">Read it here<\/a><a href=\"https:\/\/lesaulerieur.com\/en\/resources\/tackling-change-management\/?utm_source=inspiring-connections.beehiiv.com&amp;utm_medium=newsletter&amp;utm_campaign=open-the-field-of-possibilities\" target=\"_blank\" rel=\"noreferrer noopener\">&nbsp;<\/a>en fran\u00e7ais ou en anglais<\/td><\/tr><tr><td>And don\u2019t forget to pass the test!<\/td><\/tr><\/tbody><\/table><\/figure>\n\n\n\n<h2 class=\"wp-block-heading gtfy-28\"><strong>Note from an inspiring leader<\/strong><\/h2>\n\n\n\n<figure class=\"wp-block-table gtfy-31\"><table class=\"has-fixed-layout\"><tbody><tr><td><strong>Meet Marin Maufrais<\/strong><\/td><\/tr><tr><td><em>I had heard about Marin Maufrais long before I met him. He\u2019s the older brother of my son\u2019s best friend. One day, my son came home and told me about what he saw as quite a feat: Marin had resigned from his internship in public affairs. What Marin would later describe to me simply as \u201cshedding light on an inconsistency.\u201d&nbsp;<\/em><\/td><\/tr><tr><td><em>That decision led to a conversation with the CEO at the time; Emmanuel Faber. Audacity? Courage? Conviction? All three, Captain!<\/em><\/td><\/tr><tr><td><em>Audacity? Yes, because he didn\u2019t want to leave without saying something.<\/em><br><em>Courage? Yes, because Marin chose not to follow the obvious path (and with his brilliant academic record, he easily could have).<\/em><br><em>Convictions? Absolutely, grounded in strong human values.<\/em><\/td><\/tr><\/tbody><\/table><\/figure>\n\n\n\n<figure class=\"wp-block-image size-full gtfy-34\"><img loading=\"lazy\" decoding=\"async\" width=\"640\" height=\"380\" src=\"https:\/\/lesaulerieur.com\/wp-content\/uploads\/2025\/10\/Marin.jpg\" alt=\"\" class=\"wp-image-2322\" srcset=\"https:\/\/lesaulerieur.com\/wp-content\/uploads\/2025\/10\/Marin.jpg 640w, https:\/\/lesaulerieur.com\/wp-content\/uploads\/2025\/10\/Marin-300x178.jpg 300w, https:\/\/lesaulerieur.com\/wp-content\/uploads\/2025\/10\/Marin-18x12.jpg 18w\" sizes=\"auto, (max-width: 640px) 100vw, 640px\" \/><\/figure>\n\n\n\n<figure class=\"wp-block-table gtfy-37\"><table class=\"has-fixed-layout\"><tbody><tr><td><em>And that\u2019s how we met: around La For\u00eat des Possibles. I\u2019ll let you discover more about him.<\/em><\/td><\/tr><tr><td><strong>What happens when we truly dare to open up as a team?<\/strong><br>Too often, in organisations, we keep a poker face \u2013 afraid that showing vulnerability might backfire. But that silence can come at a high cost.<br>Imagine a boat taking on water. If the crew is too afraid to speak up for fear of being blamed, chances are they won\u2019t make it. That sinking ship is our collective future.<br>In a world undergoing deep transformation (climate change, resource scarcity, social tensions) our vulnerabilities are systemic. In companies, they show up in fragile value chains, a loss of meaning, burnout and growing difficulty in mobilising and retaining talent.<br>How can we address the root causes of these vulnerabilities if we don\u2019t dare to name them? How can we identify blind spots, solve tensions, or set a clear direction if no one speaks up about what truly matters?<br>Freeing speech takes courage, a safe framework and a culture of trust.<br>But it\u2019s also about opening the door to others; discovering that one person\u2019s fear can be balanced by another\u2019s strength. Our vulnerabilities then become the collective\u2019s power.<br>In a society moving through the fog, it\u2019s essential to build teams that are aligned, able to face uncertainty and to find new solutions together.<br>Opening up isn\u2019t a weakness: it\u2019s a bet on resilience, interdependence and the long view.<br><br><strong>What inspires me in my leadership is the collective drive of my team to achieve shared goals, their dedication to continuous improvement, and the positive impact we can make when we work together effectively.<\/strong><br>I believe in the power of leading by example. If we want to guide an organisation towards an ecological, fair, and sustainable transformation, how can we hope to bring others along if we don\u2019t start with ourselves?<br>A few years ago, I left an elite Parisian world to get involved in Marseille\u2019s northern neighbourhoods. Choosing a life of popular ecology surprised many around me. But it also helped gather deeply motivated teams around La For\u00eat des Possibles: people driven by strong values and genuine generosity.<br>I'm naturally persistent when it comes to vision, but I always try to stay pragmatic in how to get there. I'm well aware of all the hard skills I don\u2019t personally master and I see my role as revealing them in others. I love involving my teams, helping them grow, take ownership of projects and turn our constraints into creativity.<br>But to inspire others, you also have to nourish yourself. I\u2019ve experienced the fatigue that comes from overcommitment. What some call activist burnout. My ability to listen and stay calm suffered. I\u2019ve always been inspired by those who cultivate gratitude, silence, and meditation. But slowing down is hard when you\u2019re caught in the rush of action!<br>Then, by chance, I had a serious bike accident and broke my phone. That moment became a turning point. I took a step back, reassessed my digital habits and decided not to reinstall social media. I'd wanted to quit for months, but it's not easy when those tools are designed to keep you hooked.<br>I swapped scrolling for evenings of sport, reading and quiet. And guess what? Bit by bit, the energy came back. Sustainable things take time! That period of inner retreat also created more space for spontaneous initiatives within my teams, the sort that bring everyone along naturally.<br>To me, leadership means inspiring by example, engaging through structure, and staying clear by reconnecting with yourself.<\/td><\/tr><\/tbody><\/table><\/figure>","protected":false},"excerpt":{"rendered":"<p>Open the field of possibilities Dear leaders, Happy November!&nbsp;As we gently step into the winter [&hellip;]<\/p>\n","protected":false},"author":1,"featured_media":2320,"comment_status":"open","ping_status":"open","sticky":false,"template":"","format":"standard","meta":{"_acf_changed":false,"_eb_attr":"","footnotes":""},"categories":[36,1],"tags":[],"class_list":["post-2319","post","type-post","status-publish","format-standard","has-post-thumbnail","hentry","category-inspiring-connections","category-uncategorized"],"acf":[],"yoast_head":"<!-- This site is optimized with the Yoast SEO plugin v27.4 - https:\/\/yoast.com\/product\/yoast-seo-wordpress\/ -->\n<title>Open the field of possibilities - Lesaulerieur<\/title>\n<meta name=\"robots\" content=\"index, follow, max-snippet:-1, max-image-preview:large, max-video-preview:-1\" \/>\n<link rel=\"canonical\" href=\"https:\/\/lesaulerieur.com\/en\/2025\/10\/31\/open-the-field-of-possibilities\/\" \/>\n<meta property=\"og:locale\" content=\"en_GB\" \/>\n<meta property=\"og:type\" content=\"article\" \/>\n<meta property=\"og:title\" content=\"Open the field of possibilities - Lesaulerieur\" \/>\n<meta property=\"og:description\" content=\"Open the field of possibilities Dear leaders, Happy November!&nbsp;As we gently step into the winter [&hellip;]\" \/>\n<meta property=\"og:url\" content=\"https:\/\/lesaulerieur.com\/en\/2025\/10\/31\/open-the-field-of-possibilities\/\" \/>\n<meta property=\"og:site_name\" content=\"Lesaulerieur\" \/>\n<meta property=\"article:published_time\" content=\"2025-10-31T14:36:02+00:00\" \/>\n<meta property=\"article:modified_time\" content=\"2025-10-31T14:36:03+00:00\" \/>\n<meta property=\"og:image\" content=\"https:\/\/lesaulerieur.com\/wp-content\/uploads\/2025\/10\/IC-header-1.png\" \/>\n\t<meta property=\"og:image:width\" content=\"1200\" \/>\n\t<meta property=\"og:image:height\" content=\"630\" \/>\n\t<meta property=\"og:image:type\" content=\"image\/png\" \/>\n<meta name=\"author\" content=\"Anita\" \/>\n<meta name=\"twitter:card\" content=\"summary_large_image\" \/>\n<meta name=\"twitter:label1\" content=\"Written by\" \/>\n\t<meta name=\"twitter:data1\" content=\"Anita\" \/>\n\t<meta name=\"twitter:label2\" content=\"Estimated reading time\" \/>\n\t<meta name=\"twitter:data2\" content=\"8 minutes\" \/>\n<script type=\"application\/ld+json\" class=\"yoast-schema-graph\">{\"@context\":\"https:\\\/\\\/schema.org\",\"@graph\":[{\"@type\":\"Article\",\"@id\":\"https:\\\/\\\/lesaulerieur.com\\\/2025\\\/10\\\/31\\\/open-the-field-of-possibilities\\\/#article\",\"isPartOf\":{\"@id\":\"https:\\\/\\\/lesaulerieur.com\\\/2025\\\/10\\\/31\\\/open-the-field-of-possibilities\\\/\"},\"author\":{\"name\":\"Anita\",\"@id\":\"https:\\\/\\\/lesaulerieur.com\\\/fr\\\/#\\\/schema\\\/person\\\/43079b59c935efbe3e2b4f7ffae74148\"},\"headline\":\"Open the field of possibilities\",\"datePublished\":\"2025-10-31T14:36:02+00:00\",\"dateModified\":\"2025-10-31T14:36:03+00:00\",\"mainEntityOfPage\":{\"@id\":\"https:\\\/\\\/lesaulerieur.com\\\/2025\\\/10\\\/31\\\/open-the-field-of-possibilities\\\/\"},\"wordCount\":1374,\"commentCount\":0,\"publisher\":{\"@id\":\"https:\\\/\\\/lesaulerieur.com\\\/fr\\\/#organization\"},\"image\":{\"@id\":\"https:\\\/\\\/lesaulerieur.com\\\/2025\\\/10\\\/31\\\/open-the-field-of-possibilities\\\/#primaryimage\"},\"thumbnailUrl\":\"https:\\\/\\\/lesaulerieur.com\\\/wp-content\\\/uploads\\\/2025\\\/10\\\/IC-header-1.png\",\"articleSection\":[\"Inspiring Connections\",\"Uncategorized\"],\"inLanguage\":\"en-GB\",\"potentialAction\":[{\"@type\":\"CommentAction\",\"name\":\"Comment\",\"target\":[\"https:\\\/\\\/lesaulerieur.com\\\/2025\\\/10\\\/31\\\/open-the-field-of-possibilities\\\/#respond\"]}]},{\"@type\":\"WebPage\",\"@id\":\"https:\\\/\\\/lesaulerieur.com\\\/2025\\\/10\\\/31\\\/open-the-field-of-possibilities\\\/\",\"url\":\"https:\\\/\\\/lesaulerieur.com\\\/2025\\\/10\\\/31\\\/open-the-field-of-possibilities\\\/\",\"name\":\"Open the field of possibilities - Lesaulerieur\",\"isPartOf\":{\"@id\":\"https:\\\/\\\/lesaulerieur.com\\\/fr\\\/#website\"},\"primaryImageOfPage\":{\"@id\":\"https:\\\/\\\/lesaulerieur.com\\\/2025\\\/10\\\/31\\\/open-the-field-of-possibilities\\\/#primaryimage\"},\"image\":{\"@id\":\"https:\\\/\\\/lesaulerieur.com\\\/2025\\\/10\\\/31\\\/open-the-field-of-possibilities\\\/#primaryimage\"},\"thumbnailUrl\":\"https:\\\/\\\/lesaulerieur.com\\\/wp-content\\\/uploads\\\/2025\\\/10\\\/IC-header-1.png\",\"datePublished\":\"2025-10-31T14:36:02+00:00\",\"dateModified\":\"2025-10-31T14:36:03+00:00\",\"breadcrumb\":{\"@id\":\"https:\\\/\\\/lesaulerieur.com\\\/2025\\\/10\\\/31\\\/open-the-field-of-possibilities\\\/#breadcrumb\"},\"inLanguage\":\"en-GB\",\"potentialAction\":[{\"@type\":\"ReadAction\",\"target\":[\"https:\\\/\\\/lesaulerieur.com\\\/2025\\\/10\\\/31\\\/open-the-field-of-possibilities\\\/\"]}]},{\"@type\":\"ImageObject\",\"inLanguage\":\"en-GB\",\"@id\":\"https:\\\/\\\/lesaulerieur.com\\\/2025\\\/10\\\/31\\\/open-the-field-of-possibilities\\\/#primaryimage\",\"url\":\"https:\\\/\\\/lesaulerieur.com\\\/wp-content\\\/uploads\\\/2025\\\/10\\\/IC-header-1.png\",\"contentUrl\":\"https:\\\/\\\/lesaulerieur.com\\\/wp-content\\\/uploads\\\/2025\\\/10\\\/IC-header-1.png\",\"width\":1200,\"height\":630},{\"@type\":\"BreadcrumbList\",\"@id\":\"https:\\\/\\\/lesaulerieur.com\\\/2025\\\/10\\\/31\\\/open-the-field-of-possibilities\\\/#breadcrumb\",\"itemListElement\":[{\"@type\":\"ListItem\",\"position\":1,\"name\":\"Home\",\"item\":\"https:\\\/\\\/lesaulerieur.com\\\/\"},{\"@type\":\"ListItem\",\"position\":2,\"name\":\"Open the field of possibilities\"}]},{\"@type\":\"WebSite\",\"@id\":\"https:\\\/\\\/lesaulerieur.com\\\/fr\\\/#website\",\"url\":\"https:\\\/\\\/lesaulerieur.com\\\/fr\\\/\",\"name\":\"Lesaulerieur\",\"description\":\"\",\"publisher\":{\"@id\":\"https:\\\/\\\/lesaulerieur.com\\\/fr\\\/#organization\"},\"potentialAction\":[{\"@type\":\"SearchAction\",\"target\":{\"@type\":\"EntryPoint\",\"urlTemplate\":\"https:\\\/\\\/lesaulerieur.com\\\/fr\\\/?s={search_term_string}\"},\"query-input\":{\"@type\":\"PropertyValueSpecification\",\"valueRequired\":true,\"valueName\":\"search_term_string\"}}],\"inLanguage\":\"en-GB\"},{\"@type\":\"Organization\",\"@id\":\"https:\\\/\\\/lesaulerieur.com\\\/fr\\\/#organization\",\"name\":\"Lesaulerieur\",\"url\":\"https:\\\/\\\/lesaulerieur.com\\\/fr\\\/\",\"logo\":{\"@type\":\"ImageObject\",\"inLanguage\":\"en-GB\",\"@id\":\"https:\\\/\\\/lesaulerieur.com\\\/fr\\\/#\\\/schema\\\/logo\\\/image\\\/\",\"url\":\"https:\\\/\\\/lesaulerieur.com\\\/wp-content\\\/uploads\\\/2026\\\/03\\\/exports-saule-rieur-transparent8-1.png\",\"contentUrl\":\"https:\\\/\\\/lesaulerieur.com\\\/wp-content\\\/uploads\\\/2026\\\/03\\\/exports-saule-rieur-transparent8-1.png\",\"width\":2480,\"height\":1240,\"caption\":\"Lesaulerieur\"},\"image\":{\"@id\":\"https:\\\/\\\/lesaulerieur.com\\\/fr\\\/#\\\/schema\\\/logo\\\/image\\\/\"},\"sameAs\":[\"https:\\\/\\\/www.linkedin.com\\\/in\\\/anita-cassagne-2625a62\\\/\"]},{\"@type\":\"Person\",\"@id\":\"https:\\\/\\\/lesaulerieur.com\\\/fr\\\/#\\\/schema\\\/person\\\/43079b59c935efbe3e2b4f7ffae74148\",\"name\":\"Anita\",\"image\":{\"@type\":\"ImageObject\",\"inLanguage\":\"en-GB\",\"@id\":\"https:\\\/\\\/secure.gravatar.com\\\/avatar\\\/f132ba1b1a5a3d6f3cb6529cef071eedff6082ffed6f37fb7fbbf8dde5dedb6e?s=96&d=mm&r=g\",\"url\":\"https:\\\/\\\/secure.gravatar.com\\\/avatar\\\/f132ba1b1a5a3d6f3cb6529cef071eedff6082ffed6f37fb7fbbf8dde5dedb6e?s=96&d=mm&r=g\",\"contentUrl\":\"https:\\\/\\\/secure.gravatar.com\\\/avatar\\\/f132ba1b1a5a3d6f3cb6529cef071eedff6082ffed6f37fb7fbbf8dde5dedb6e?s=96&d=mm&r=g\",\"caption\":\"Anita\"},\"sameAs\":[\"https:\\\/\\\/lesaulerieur.com\"],\"url\":\"https:\\\/\\\/lesaulerieur.com\\\/en\\\/author\\\/anita\\\/\"}]}<\/script>\n<!-- \/ Yoast SEO plugin. -->","yoast_head_json":{"title":"Open the field of possibilities - Lesaulerieur","robots":{"index":"index","follow":"follow","max-snippet":"max-snippet:-1","max-image-preview":"max-image-preview:large","max-video-preview":"max-video-preview:-1"},"canonical":"https:\/\/lesaulerieur.com\/en\/2025\/10\/31\/open-the-field-of-possibilities\/","og_locale":"en_GB","og_type":"article","og_title":"Open the field of possibilities - Lesaulerieur","og_description":"Open the field of possibilities Dear leaders, Happy November!&nbsp;As we gently step into the winter [&hellip;]","og_url":"https:\/\/lesaulerieur.com\/en\/2025\/10\/31\/open-the-field-of-possibilities\/","og_site_name":"Lesaulerieur","article_published_time":"2025-10-31T14:36:02+00:00","article_modified_time":"2025-10-31T14:36:03+00:00","og_image":[{"width":1200,"height":630,"url":"https:\/\/lesaulerieur.com\/wp-content\/uploads\/2025\/10\/IC-header-1.png","type":"image\/png"}],"author":"Anita","twitter_card":"summary_large_image","twitter_misc":{"Written by":"Anita","Estimated reading time":"8 minutes"},"schema":{"@context":"https:\/\/schema.org","@graph":[{"@type":"Article","@id":"https:\/\/lesaulerieur.com\/2025\/10\/31\/open-the-field-of-possibilities\/#article","isPartOf":{"@id":"https:\/\/lesaulerieur.com\/2025\/10\/31\/open-the-field-of-possibilities\/"},"author":{"name":"Anita","@id":"https:\/\/lesaulerieur.com\/fr\/#\/schema\/person\/43079b59c935efbe3e2b4f7ffae74148"},"headline":"Open the field of possibilities","datePublished":"2025-10-31T14:36:02+00:00","dateModified":"2025-10-31T14:36:03+00:00","mainEntityOfPage":{"@id":"https:\/\/lesaulerieur.com\/2025\/10\/31\/open-the-field-of-possibilities\/"},"wordCount":1374,"commentCount":0,"publisher":{"@id":"https:\/\/lesaulerieur.com\/fr\/#organization"},"image":{"@id":"https:\/\/lesaulerieur.com\/2025\/10\/31\/open-the-field-of-possibilities\/#primaryimage"},"thumbnailUrl":"https:\/\/lesaulerieur.com\/wp-content\/uploads\/2025\/10\/IC-header-1.png","articleSection":["Inspiring Connections","Uncategorized"],"inLanguage":"en-GB","potentialAction":[{"@type":"CommentAction","name":"Comment","target":["https:\/\/lesaulerieur.com\/2025\/10\/31\/open-the-field-of-possibilities\/#respond"]}]},{"@type":"WebPage","@id":"https:\/\/lesaulerieur.com\/2025\/10\/31\/open-the-field-of-possibilities\/","url":"https:\/\/lesaulerieur.com\/2025\/10\/31\/open-the-field-of-possibilities\/","name":"Open the field of possibilities - Lesaulerieur","isPartOf":{"@id":"https:\/\/lesaulerieur.com\/fr\/#website"},"primaryImageOfPage":{"@id":"https:\/\/lesaulerieur.com\/2025\/10\/31\/open-the-field-of-possibilities\/#primaryimage"},"image":{"@id":"https:\/\/lesaulerieur.com\/2025\/10\/31\/open-the-field-of-possibilities\/#primaryimage"},"thumbnailUrl":"https:\/\/lesaulerieur.com\/wp-content\/uploads\/2025\/10\/IC-header-1.png","datePublished":"2025-10-31T14:36:02+00:00","dateModified":"2025-10-31T14:36:03+00:00","breadcrumb":{"@id":"https:\/\/lesaulerieur.com\/2025\/10\/31\/open-the-field-of-possibilities\/#breadcrumb"},"inLanguage":"en-GB","potentialAction":[{"@type":"ReadAction","target":["https:\/\/lesaulerieur.com\/2025\/10\/31\/open-the-field-of-possibilities\/"]}]},{"@type":"ImageObject","inLanguage":"en-GB","@id":"https:\/\/lesaulerieur.com\/2025\/10\/31\/open-the-field-of-possibilities\/#primaryimage","url":"https:\/\/lesaulerieur.com\/wp-content\/uploads\/2025\/10\/IC-header-1.png","contentUrl":"https:\/\/lesaulerieur.com\/wp-content\/uploads\/2025\/10\/IC-header-1.png","width":1200,"height":630},{"@type":"BreadcrumbList","@id":"https:\/\/lesaulerieur.com\/2025\/10\/31\/open-the-field-of-possibilities\/#breadcrumb","itemListElement":[{"@type":"ListItem","position":1,"name":"Home","item":"https:\/\/lesaulerieur.com\/"},{"@type":"ListItem","position":2,"name":"Open the field of possibilities"}]},{"@type":"WebSite","@id":"https:\/\/lesaulerieur.com\/fr\/#website","url":"https:\/\/lesaulerieur.com\/fr\/","name":"The reseller","description":"","publisher":{"@id":"https:\/\/lesaulerieur.com\/fr\/#organization"},"potentialAction":[{"@type":"SearchAction","target":{"@type":"EntryPoint","urlTemplate":"https:\/\/lesaulerieur.com\/fr\/?s={search_term_string}"},"query-input":{"@type":"PropertyValueSpecification","valueRequired":true,"valueName":"search_term_string"}}],"inLanguage":"en-GB"},{"@type":"Organization","@id":"https:\/\/lesaulerieur.com\/fr\/#organization","name":"The reseller","url":"https:\/\/lesaulerieur.com\/fr\/","logo":{"@type":"ImageObject","inLanguage":"en-GB","@id":"https:\/\/lesaulerieur.com\/fr\/#\/schema\/logo\/image\/","url":"https:\/\/lesaulerieur.com\/wp-content\/uploads\/2026\/03\/exports-saule-rieur-transparent8-1.png","contentUrl":"https:\/\/lesaulerieur.com\/wp-content\/uploads\/2026\/03\/exports-saule-rieur-transparent8-1.png","width":2480,"height":1240,"caption":"Lesaulerieur"},"image":{"@id":"https:\/\/lesaulerieur.com\/fr\/#\/schema\/logo\/image\/"},"sameAs":["https:\/\/www.linkedin.com\/in\/anita-cassagne-2625a62\/"]},{"@type":"Person","@id":"https:\/\/lesaulerieur.com\/fr\/#\/schema\/person\/43079b59c935efbe3e2b4f7ffae74148","name":"Anita","image":{"@type":"ImageObject","inLanguage":"en-GB","@id":"https:\/\/secure.gravatar.com\/avatar\/f132ba1b1a5a3d6f3cb6529cef071eedff6082ffed6f37fb7fbbf8dde5dedb6e?s=96&d=mm&r=g","url":"https:\/\/secure.gravatar.com\/avatar\/f132ba1b1a5a3d6f3cb6529cef071eedff6082ffed6f37fb7fbbf8dde5dedb6e?s=96&d=mm&r=g","contentUrl":"https:\/\/secure.gravatar.com\/avatar\/f132ba1b1a5a3d6f3cb6529cef071eedff6082ffed6f37fb7fbbf8dde5dedb6e?s=96&d=mm&r=g","caption":"Anita"},"sameAs":["https:\/\/lesaulerieur.com"],"url":"https:\/\/lesaulerieur.com\/en\/author\/anita\/"}]}},"_links":{"self":[{"href":"https:\/\/lesaulerieur.com\/en\/wp-json\/wp\/v2\/posts\/2319","targetHints":{"allow":["GET"]}}],"collection":[{"href":"https:\/\/lesaulerieur.com\/en\/wp-json\/wp\/v2\/posts"}],"about":[{"href":"https:\/\/lesaulerieur.com\/en\/wp-json\/wp\/v2\/types\/post"}],"author":[{"embeddable":true,"href":"https:\/\/lesaulerieur.com\/en\/wp-json\/wp\/v2\/users\/1"}],"replies":[{"embeddable":true,"href":"https:\/\/lesaulerieur.com\/en\/wp-json\/wp\/v2\/comments?post=2319"}],"version-history":[{"count":1,"href":"https:\/\/lesaulerieur.com\/en\/wp-json\/wp\/v2\/posts\/2319\/revisions"}],"predecessor-version":[{"id":2323,"href":"https:\/\/lesaulerieur.com\/en\/wp-json\/wp\/v2\/posts\/2319\/revisions\/2323"}],"wp:featuredmedia":[{"embeddable":true,"href":"https:\/\/lesaulerieur.com\/en\/wp-json\/wp\/v2\/media\/2320"}],"wp:attachment":[{"href":"https:\/\/lesaulerieur.com\/en\/wp-json\/wp\/v2\/media?parent=2319"}],"wp:term":[{"taxonomy":"category","embeddable":true,"href":"https:\/\/lesaulerieur.com\/en\/wp-json\/wp\/v2\/categories?post=2319"},{"taxonomy":"post_tag","embeddable":true,"href":"https:\/\/lesaulerieur.com\/en\/wp-json\/wp\/v2\/tags?post=2319"}],"curies":[{"name":"wp","href":"https:\/\/api.w.org\/{rel}","templated":true}]}}